{"id":1615,"date":"2022-01-06T10:40:20","date_gmt":"2022-01-06T09:40:20","guid":{"rendered":"https:\/\/www.dbrady.at\/raetiae\/?p=1615"},"modified":"2023-10-10T16:33:08","modified_gmt":"2023-10-10T14:33:08","slug":"volxfest","status":"publish","type":"post","link":"https:\/\/www.simonmayer.at\/en\/volxfest\/","title":{"rendered":"Volxfest"},"content":{"rendered":"<h3><em>A costume and folk dance ball of a special kind.<\/em><\/h3>\n\n\n\n<div class=\"is-layout-flex wp-container-3 wp-block-columns\">\n<div class=\"is-layout-flow wp-block-column\" style=\"flex-basis:33.33%\">\n<figure class=\"wp-block-image size-full\"><img decoding=\"async\" loading=\"lazy\" width=\"480\" height=\"334\" src=\"https:\/\/www.simonmayer.at\/wp-content\/uploads\/Gruppe-normal-klein.jpg\" alt=\"\" class=\"wp-image-1616\" srcset=\"https:\/\/www.simonmayer.at\/wp-content\/uploads\/Gruppe-normal-klein.jpg 480w, https:\/\/www.simonmayer.at\/wp-content\/uploads\/Gruppe-normal-klein-18x12.jpg 18w\" sizes=\"(max-width: 480px) 100vw, 480px\" \/><\/figure>\n<\/div>\n\n\n\n<div class=\"is-layout-flow wp-block-column is-vertically-aligned-center\" style=\"flex-basis:66.66%\">\n<blockquote class=\"wp-block-quote\">\n<p>Home-bound and cosmopolitan, tradition and update, down-to-earth and experimental - apparent contradictions are invited to dance at Volxfest.<\/p>\n<\/blockquote>\n<\/div>\n<\/div>\n\n\n\n<p>Volxfest is a proposal for a new ritual, a universal folk dance. It manifests as a folk dance ball, embedded in ritual practices. The Volxfest takes the form of a permanent event, party or celebration, bringing a strong social dimension to the work, a sense of togetherness in which the audience also takes an active role and becomes part of the performative whole.<\/p>\n\n\n\n<p>The project spans a long period of time and encompasses various formats that achieve local continuity, anchorage and audience through participative, preparatory events: workshops (on self-empowerment, national identity and trauma, universal folk dance, exploration of customs and traditions, celebrations as letting go) and devotion), salon and Stammtisch of home feelings (workshop-like events to deal with home-based relationship through discursive, musical and dance elements), Volxfest and ball of home feelings (Volxfest as rural, the ball as urban version), occasion-related celebrations and events (national holiday, festivals ) and \"folktrance party\" (trance and universal folk dance). The concrete contents are redefined and artistically shaped with the respective partners and regions.<\/p>\n\n\n\n<p>The specific contents are redefined and artistically curated with the respective partners and regions.<\/p>\n\n\n<div class=\"wp-block-image\">\n<figure class=\"aligncenter size-large\"><img decoding=\"async\" loading=\"lazy\" width=\"1024\" height=\"684\" src=\"https:\/\/www.simonmayer.at\/wp-content\/uploads\/Foto-6.5-He-Shao-Hui-VF-1024x684.jpg\" alt=\"\" class=\"wp-image-2908\" srcset=\"https:\/\/www.simonmayer.at\/wp-content\/uploads\/Foto-6.5-He-Shao-Hui-VF-1024x684.jpg 1024w, https:\/\/www.simonmayer.at\/wp-content\/uploads\/Foto-6.5-He-Shao-Hui-VF-500x334.jpg 500w, https:\/\/www.simonmayer.at\/wp-content\/uploads\/Foto-6.5-He-Shao-Hui-VF-768x513.jpg 768w, https:\/\/www.simonmayer.at\/wp-content\/uploads\/Foto-6.5-He-Shao-Hui-VF-1536x1025.jpg 1536w, https:\/\/www.simonmayer.at\/wp-content\/uploads\/Foto-6.5-He-Shao-Hui-VF-2048x1367.jpg 2048w, https:\/\/www.simonmayer.at\/wp-content\/uploads\/Foto-6.5-He-Shao-Hui-VF-18x12.jpg 18w\" sizes=\"(max-width: 1024px) 100vw, 1024px\" \/><\/figure><\/div>\n\n\n<p>The Volxfest is a celebration. A celebration that celebrates folk art as a symbol of free development and as a creative expression of the people. A day and an evening, created by Volxfest artists together with artists and traditional groups from the region and the audience.<br>The Volxfest loads in a playful way to experience its own relation to local, national and global roots. Here meet people and perspectives that might otherwise not meet. Old rituals are rediscovered in the light of a global consciousness.<br>The Volxfest welcomes people of all origins, all sexes, all sexual (non-) orientations, living in every (non-) relationship form and with every form of physical particularity. It is normal to be different!<\/p>\n\n\n\n<p>Die Veranstaltungen im Vorfeld bieten vielf\u00e4ltige M\u00f6glichkeiten zum Reinschnuppern, zum Beispiel:<\/p>\n\n\n\n<h2>Round tables:&nbsp;<\/h2>\n\n\n\n<p>Abende, an denen das Publikum eingeladen ist, das Volxfest Team kennenzulernen, zu plaudern, gemeinsam zu tanzen, zu musizieren und sich auf das Volxfest am gemeinsam einzustimmen. Jeder Stammtisch wird um ein spezielles Thema kreisen.<br><\/p>\n\n\n\n<hr class=\"wp-block-separator has-css-opacity\"\/>\n\n\n\n<h2>Dance floor (workshop)<\/h2>\n\n\n\n<p>Beim Tanzboden Workshop wird es vorwiegend um die Freude am gemeinsamen Tanzen und Singen gehen. Wir lernen existierende Volkst\u00e4nze, Schuhplattler und Lieder, \u00fcben und spielerisch neue erfinden. Wir gehen der Frage auf den Grund, wo denn der Volkstanz seinen Ursprung hat, und versuchen, diesem Ursprung mit verschiedenen Experimenten n\u00e4her zu kommen. Elemente aus Volkst\u00e4nzen und Liedern anderer Kulturen und aus dem Hip Hop flie\u00dfen ebenfalls ein. Dieses Event ist f\u00fcr all diejenigen, die gerne volkstanzen, singen oder es lernen wollen, und genauso f\u00fcr alle, die gerne experimentieren, f\u00fcr alle, die sich als Nicht-T\u00e4nzer\/S\u00e4nger definieren oder nichts mit Volkstanz und singen am Hut haben.<\/p>\n\n\n\n<h2>Traditional workshop with root soup (workshop)<\/h2>\n\n\n\n<p>Artistic Direction: Teresa Distelberger \/ Mario Sinnhofer aka Touched<\/p>\n\n\n\n<p>Costumes are often seen as uniform clothing of a particular region. But what does it mean to find an individual version of one's own costume in which other roots and affiliations also become visible? What could a gold dome look like that expresses inner wealth beyond money and gold? What is possible if apparently opposing styles are unfamiliar but combined with a fine sense? Traditional-traditional, urban, oblique, transgender, multicultural mixed - everything is possible and will be tried out right away. This playful approach to one's own concept of home is deposited with subtle, deep-acting interview techniques. Finding unsuspected nutrients in your own home soil is even possible not unlikely. Even - or maybe even exactly - when the horror comes at the word \"home\" itself.<\/p>\n\n\n\n<h2>Daheim in mir (Workshop)<\/h2>\n\n\n\n<p>Volxfest-Workshop mit Tanz, Musik und Gespr\u00e4chen<br>Are you curious about the complexity that opens up when you trace your own homeland? Have you always wanted to explore what dance, song and home have to do with each other? Based on the home in one's own body and the exploration of different spaces, Simon Mayer and Teresa Distelberger are organizing two workshop evenings. Inspirational impulses, crazy shoe-plate improvisations, the search for a universal folk dance and discussions about being at home provide for inner and outer movement.<\/p>\n\n\n\n<hr class=\"wp-block-separator has-text-color has-accent-color has-alpha-channel-opacity has-accent-background-color has-background\"\/>\n\n\n\n<h2>Salon of Home Feelings<\/h2>\n\n\n\n<p>Wir laden dazu ein, die eigene Beziehung zu \u00d6sterreich, zu einem anderen Heimatland oder zum Daheimsein an sich zu erforschen. Wut, Scham, Liebe, Heimweh und noch mehr \u2013 alle Gef\u00fchle sind willkommen. In gem\u00fctlichem Ambiente wird gepflegte Wiener Salonkultur neu interpretiert: Hier trifft sich Tradition mit zeitgen\u00f6ssischem Ausdruck, Performance mit Apfelstrudel, z\u00fcnftiges Tanzen mit Meditation und so manch inspirativer Input mit fein gsp\u00fcrigen Gespr\u00e4chen.<\/p>\n\n\n\n<p>The Salon of Home Feelings is open to people of all backgrounds, sexes, sexual (non-) orientation, living in any (non-) relationship form and with any form of physical particularity.<\/p>\n\n\n\n<hr class=\"wp-block-separator has-text-color has-accent-color has-alpha-channel-opacity has-accent-background-color has-background\"\/>\n\n\n\n<p><em>Artistic Director&nbsp;<strong>Simon Mayer, Teresa Distelberger<\/strong><br>Performance, Recherche, Publikumsinteraktion und kreative Mitarbeit<br><strong>Mario Sinnhofer aka Touched, Manuel Wagner, Patric Redl, Katharina Frieda Meier, Agnes Distelberger, Farah Deen, Valentin Alfery, Annegret Schalke, Robert Steijn, Sophie Rastl, Simon Mayer, Teresa Distelberger<\/strong><br>Gastk\u00fcnstler und Gruppen&nbsp;<strong>Schuachplattler Menscha Ried, Ledarsoinbuam Ried, Goldhauben- und Trachtengruppen des Bezirkes Perg, Claudio Prima<br>Dramaturgische Beratung&nbsp;Robert Steijn<\/strong><br>Immersives B\u00fchnenbild&nbsp;<strong>Mario Sinnhofer aka Touched, Simon Mayer<\/strong><br>Light <strong>Annegret Schalke<\/strong><br>Sound&nbsp;<strong>Lukas Froschauer<\/strong><br>Musik\/Band&nbsp;<strong>Asgeiger, Volxfest Band, Banda Adriatica<\/strong><br>Production&nbsp;<strong>Kopf hoch \/ Sophie Rastl &amp; Martina Knoll, Hiros<\/strong><br>Workshopteam&nbsp;<strong>Mario Sinnhofer aka Touched, Katharina Frieda Meier, Agnes Distelberger, Simon Mayer, Teresa Distelberger<\/strong><\/em><\/p>\n\n\n\n<p class=\"has-contrast-color has-text-color\"><em>Eine Koproduktion von Kopf hoch &amp;&nbsp;Festival der Regionen<\/em><\/p>\n\n\n\n<p><em>With the kind support of the Cultural Department of the City of Vienna, the Federal Chancellery of Austria and the Flemish Government<\/em><\/p>\n\n\n\n<p><em>Thanks to: Impulstanz Festival, Forschungsfeld Heimatgef\u00fchle, Arbeitsplatz Wien, J\u00e4gerwirt<\/em><\/p>\n\n\n\n<p>Photos: Niko Havranek, Franzi Kreis, Sophie Rastl, Shao Hui He<\/p>\n\n\n\n<div class=\"is-layout-flex wp-container-6 wp-block-columns\">\n<div class=\"is-layout-flow wp-block-column\">\n<figure class=\"wp-block-embed is-type-video is-provider-vimeo wp-block-embed-vimeo wp-embed-aspect-16-9 wp-has-aspect-ratio\"><div class=\"wp-block-embed__wrapper\">\n<iframe loading=\"lazy\" title=\"Volxfest by Simon Mayer &amp; Teresa Distelberger\" src=\"https:\/\/player.vimeo.com\/video\/384741417?dnt=1&amp;app_id=122963\" width=\"1200\" height=\"675\" frameborder=\"0\" allow=\"autoplay; fullscreen; picture-in-picture\"><\/iframe>\n<\/div><\/figure>\n<\/div>\n\n\n\n<div class=\"is-layout-flow wp-block-column\"><div class=\"ub_image_slider swiper-container\" id=\"ub_image_slider_14e47a8d-18de-4539-a2dc-12854d135185\" data-swiper-data='{\"loop\":false,\"pagination\":{\"el\": null , \"type\": \"bullets\", \"clickable\":true}            ,\"navigation\": {\"nextEl\": \".swiper-button-next\", \"prevEl\": \".swiper-button-prev\"},  \"keyboard\": { \"enabled\": true },            \"effect\": \"slide\",\"simulateTouch\":false}'><div class=\"swiper-wrapper\"><figure class=\"swiper-slide\">\n        <img decoding=\"async\" src=\"https:\/\/www.simonmayer.at\/wp-content\/uploads\/Volxfest_Sujet_Web2_0.jpg\" alt=\"\"><figcaption class=\"ub_image_slider_image_caption\"> <\/figcaption><\/figure><figure class=\"swiper-slide\">\n        <img decoding=\"async\" src=\"https:\/\/www.simonmayer.at\/wp-content\/uploads\/volxfest-sujet.jpg\" alt=\"\"><figcaption class=\"ub_image_slider_image_caption\"> <\/figcaption><\/figure><figure class=\"swiper-slide\">\n        <img decoding=\"async\" src=\"https:\/\/www.simonmayer.at\/wp-content\/uploads\/volxfest_bigc_Franzi_Kreis_bearb_WEB-Kopie.jpg\" alt=\"\"><figcaption class=\"ub_image_slider_image_caption\"> <\/figcaption><\/figure><figure class=\"swiper-slide\">\n        <img decoding=\"async\" src=\"https:\/\/www.simonmayer.at\/wp-content\/uploads\/Volxfest_Sujet_Web_0.jpg\" alt=\"\"><figcaption class=\"ub_image_slider_image_caption\"> <\/figcaption><\/figure><\/div><div class=\"swiper-pagination\"><\/div>\n        <div class=\"swiper-button-prev\"><\/div> <div class=\"swiper-button-next\"><\/div>\n        <\/div><\/div>\n<\/div>\n\n\n\n<hr class=\"wp-block-separator has-text-color has-accent-color has-alpha-channel-opacity has-accent-background-color has-background\"\/>\n\n\n\n<h2 class=\"wp-embed-aspect-16-9 wp-has-aspect-ratio\">Tour Dates<\/h2>\n\n\n\n<p class=\"wp-embed-aspect-16-9 wp-has-aspect-ratio\"> \n<div class=\"gigpress-menu-container\">\n\t\t<select name=\"gigpress_menu\" class=\"gigpress_menu\" id=\"gigpress_menu\">\n\t\t\t<option value=\"https:\/\/www.simonmayer.at\/en\/volxfest\/?\">Select Year<\/option>\n\t\t\t\t\t\t\t\t\t\t\t<option value=\"https:\/\/www.simonmayer.at\/en\/volxfest\/?gpy=2019\">\n\t\t\t\t\t2019\t\t\t\t\t\t\t\t\t<\/option>\n\t\t\t\t\t<\/select>\n\n\t\n<\/div>\n<p class=\"gigpress-empty\">No shows in the archive yet.<\/p><!-- Generated by GigPress 2.3.26 -->\n\t <\/p>","protected":false},"excerpt":{"rendered":"<p>Ein Trachten- und Volkstanzball der besonderen Art. Heimatverbunden und weltoffen, Tradition und Update, bodenst\u00e4ndig und&nbsp;experimentell \u2013&nbsp;scheinbare Widerspr\u00fcche werden am Volxfest &#8230; <\/p>\n<p class=\"read-more-container\"><a title=\"Volxfest\" class=\"read-more button\" href=\"https:\/\/www.simonmayer.at\/en\/volxfest\/#more-1615\" aria-label=\"More on Volxfest\">Read more<\/a><\/p>","protected":false},"author":1,"featured_media":1616,"comment_status":"closed","ping_status":"closed","sticky":false,"template":"","format":"standard","meta":{"ub_ctt_via":""},"categories":[19],"tags":[],"featured_image_src":"https:\/\/www.simonmayer.at\/wp-content\/uploads\/Gruppe-normal-klein.jpg","author_info":{"display_name":"Doris","author_link":"https:\/\/www.simonmayer.at\/en\/author\/doris\/"},"uagb_featured_image_src":{"full":["https:\/\/www.simonmayer.at\/wp-content\/uploads\/Gruppe-normal-klein.jpg",480,334,false],"thumbnail":["https:\/\/www.simonmayer.at\/wp-content\/uploads\/Gruppe-normal-klein-300x300.jpg",300,300,true],"medium":["https:\/\/www.simonmayer.at\/wp-content\/uploads\/Gruppe-normal-klein.jpg",480,334,false],"medium_large":["https:\/\/www.simonmayer.at\/wp-content\/uploads\/Gruppe-normal-klein.jpg",480,334,false],"large":["https:\/\/www.simonmayer.at\/wp-content\/uploads\/Gruppe-normal-klein.jpg",480,334,false],"1536x1536":["https:\/\/www.simonmayer.at\/wp-content\/uploads\/Gruppe-normal-klein.jpg",480,334,false],"2048x2048":["https:\/\/www.simonmayer.at\/wp-content\/uploads\/Gruppe-normal-klein.jpg",480,334,false],"trp-custom-language-flag":["https:\/\/www.simonmayer.at\/wp-content\/uploads\/Gruppe-normal-klein-18x12.jpg",18,12,true]},"uagb_author_info":{"display_name":"Doris","author_link":"https:\/\/www.simonmayer.at\/en\/author\/doris\/"},"uagb_comment_info":0,"uagb_excerpt":"Ein Trachten- und Volkstanzball der besonderen Art. Heimatverbunden und weltoffen, Tradition und Update, bodenst\u00e4ndig und&nbsp;experimentell \u2013&nbsp;scheinbare Widerspr\u00fcche werden am Volxfest ... Read more","_links":{"self":[{"href":"https:\/\/www.simonmayer.at\/en\/wp-json\/wp\/v2\/posts\/1615"}],"collection":[{"href":"https:\/\/www.simonmayer.at\/en\/wp-json\/wp\/v2\/posts"}],"about":[{"href":"https:\/\/www.simonmayer.at\/en\/wp-json\/wp\/v2\/types\/post"}],"author":[{"embeddable":true,"href":"https:\/\/www.simonmayer.at\/en\/wp-json\/wp\/v2\/users\/1"}],"replies":[{"embeddable":true,"href":"https:\/\/www.simonmayer.at\/en\/wp-json\/wp\/v2\/comments?post=1615"}],"version-history":[{"count":15,"href":"https:\/\/www.simonmayer.at\/en\/wp-json\/wp\/v2\/posts\/1615\/revisions"}],"predecessor-version":[{"id":2909,"href":"https:\/\/www.simonmayer.at\/en\/wp-json\/wp\/v2\/posts\/1615\/revisions\/2909"}],"wp:featuredmedia":[{"embeddable":true,"href":"https:\/\/www.simonmayer.at\/en\/wp-json\/wp\/v2\/media\/1616"}],"wp:attachment":[{"href":"https:\/\/www.simonmayer.at\/en\/wp-json\/wp\/v2\/media?parent=1615"}],"wp:term":[{"taxonomy":"category","embeddable":true,"href":"https:\/\/www.simonmayer.at\/en\/wp-json\/wp\/v2\/categories?post=1615"},{"taxonomy":"post_tag","embeddable":true,"href":"https:\/\/www.simonmayer.at\/en\/wp-json\/wp\/v2\/tags?post=1615"}],"curies":[{"name":"wp","href":"https:\/\/api.w.org\/{rel}","templated":true}]}}